{"id":8516,"date":"2017-11-27T10:23:54","date_gmt":"2017-11-27T10:23:54","guid":{"rendered":"https:\/\/www.battleface.com\/blog\/?p=8516"},"modified":"2021-03-03T13:21:51","modified_gmt":"2021-03-03T13:21:51","slug":"matt-maynard-return-of-the-wolf-a-guide-to-europes-forests","status":"publish","type":"post","link":"https:\/\/www.battleface.com\/blog\/matt-maynard-return-of-the-wolf-a-guide-to-europes-forests\/","title":{"rendered":"Matt Maynard | Return of the Wolf: a guide to Europe&#8217;s Forests"},"content":{"rendered":"<span class=\"span-reading-time rt-reading-time\" style=\"display: block;\"><span class=\"rt-label rt-prefix\">Approx read: <\/span> <span class=\"rt-time\"> 5<\/span> <span class=\"rt-label rt-postfix\">mins<\/span><\/span><h2>Wolves are back in Europe&#8217;s forests.<\/h2>\n<h2>Matt Maynard travelled to Sweden to learn how Scandinavian communities are adjusting to this predator. He explains their habits, dispels some myths and waxes lyrical about sharing wild spaces once more with the king of the canines.<\/h2>\n<p><img decoding=\"async\" class=\"size-full wp-image-8517\" src=\"https:\/\/www.battleface.com\/blog\/wp-content\/uploads\/2017\/09\/photo-0-22Early-morning-scoping-for-animal-signs-\u00a9Matt-Maynard22-.jpg\" alt=\"\" height=\"745\" srcset=\"https:\/\/www.battleface.com\/blog\/wp-content\/uploads\/2017\/09\/photo-0-22Early-morning-scoping-for-animal-signs-\u00a9Matt-Maynard22-.jpg 1200w, https:\/\/www.battleface.com\/blog\/wp-content\/uploads\/2017\/09\/photo-0-22Early-morning-scoping-for-animal-signs-\u00a9Matt-Maynard22--356x220.jpg 356w, https:\/\/www.battleface.com\/blog\/wp-content\/uploads\/2017\/09\/photo-0-22Early-morning-scoping-for-animal-signs-\u00a9Matt-Maynard22--696x432.jpg 696w, https:\/\/www.battleface.com\/blog\/wp-content\/uploads\/2017\/09\/photo-0-22Early-morning-scoping-for-animal-signs-\u00a9Matt-Maynard22--1068x663.jpg 1068w, https:\/\/www.battleface.com\/blog\/wp-content\/uploads\/2017\/09\/photo-0-22Early-morning-scoping-for-animal-signs-\u00a9Matt-Maynard22--677x420.jpg 677w, https:\/\/www.battleface.com\/blog\/wp-content\/uploads\/2017\/09\/photo-0-22Early-morning-scoping-for-animal-signs-\u00a9Matt-Maynard22--300x186.jpg 300w, https:\/\/www.battleface.com\/blog\/wp-content\/uploads\/2017\/09\/photo-0-22Early-morning-scoping-for-animal-signs-\u00a9Matt-Maynard22--768x477.jpg 768w, https:\/\/www.battleface.com\/blog\/wp-content\/uploads\/2017\/09\/photo-0-22Early-morning-scoping-for-animal-signs-\u00a9Matt-Maynard22--1024x636.jpg 1024w, https:\/\/www.battleface.com\/blog\/wp-content\/uploads\/2017\/09\/photo-0-22Early-morning-scoping-for-animal-signs-\u00a9Matt-Maynard22--330x205.jpg 330w, https:\/\/www.battleface.com\/blog\/wp-content\/uploads\/2017\/09\/photo-0-22Early-morning-scoping-for-animal-signs-\u00a9Matt-Maynard22--690x428.jpg 690w, https:\/\/www.battleface.com\/blog\/wp-content\/uploads\/2017\/09\/photo-0-22Early-morning-scoping-for-animal-signs-\u00a9Matt-Maynard22--1050x652.jpg 1050w, https:\/\/www.battleface.com\/blog\/wp-content\/uploads\/2017\/09\/photo-0-22Early-morning-scoping-for-animal-signs-\u00a9Matt-Maynard22--999x620.jpg 999w\" sizes=\"(max-width: 1200px) 100vw, 1200px\" \/> Early morning scoping for animal signs \u00a9Matt Maynard<\/p>\n<h4>Wolf at the door<\/h4>\n<p><img decoding=\"async\" class=\"size-full wp-image-8518\" src=\"https:\/\/www.battleface.com\/blog\/wp-content\/uploads\/2017\/09\/photo-1-22Exploring-Swedens-forests-can-feel-like-travelling-back-in-time-\u00a9Matt-Maynard22.jpg\" alt=\"\" height=\"800\" srcset=\"https:\/\/www.battleface.com\/blog\/wp-content\/uploads\/2017\/09\/photo-1-22Exploring-Swedens-forests-can-feel-like-travelling-back-in-time-\u00a9Matt-Maynard22.jpg 1200w, https:\/\/www.battleface.com\/blog\/wp-content\/uploads\/2017\/09\/photo-1-22Exploring-Swedens-forests-can-feel-like-travelling-back-in-time-\u00a9Matt-Maynard22-696x464.jpg 696w, https:\/\/www.battleface.com\/blog\/wp-content\/uploads\/2017\/09\/photo-1-22Exploring-Swedens-forests-can-feel-like-travelling-back-in-time-\u00a9Matt-Maynard22-1068x712.jpg 1068w, https:\/\/www.battleface.com\/blog\/wp-content\/uploads\/2017\/09\/photo-1-22Exploring-Swedens-forests-can-feel-like-travelling-back-in-time-\u00a9Matt-Maynard22-630x420.jpg 630w, https:\/\/www.battleface.com\/blog\/wp-content\/uploads\/2017\/09\/photo-1-22Exploring-Swedens-forests-can-feel-like-travelling-back-in-time-\u00a9Matt-Maynard22-300x200.jpg 300w, https:\/\/www.battleface.com\/blog\/wp-content\/uploads\/2017\/09\/photo-1-22Exploring-Swedens-forests-can-feel-like-travelling-back-in-time-\u00a9Matt-Maynard22-768x512.jpg 768w, https:\/\/www.battleface.com\/blog\/wp-content\/uploads\/2017\/09\/photo-1-22Exploring-Swedens-forests-can-feel-like-travelling-back-in-time-\u00a9Matt-Maynard22-1024x683.jpg 1024w, https:\/\/www.battleface.com\/blog\/wp-content\/uploads\/2017\/09\/photo-1-22Exploring-Swedens-forests-can-feel-like-travelling-back-in-time-\u00a9Matt-Maynard22-330x220.jpg 330w, https:\/\/www.battleface.com\/blog\/wp-content\/uploads\/2017\/09\/photo-1-22Exploring-Swedens-forests-can-feel-like-travelling-back-in-time-\u00a9Matt-Maynard22-296x197.jpg 296w, https:\/\/www.battleface.com\/blog\/wp-content\/uploads\/2017\/09\/photo-1-22Exploring-Swedens-forests-can-feel-like-travelling-back-in-time-\u00a9Matt-Maynard22-690x460.jpg 690w, https:\/\/www.battleface.com\/blog\/wp-content\/uploads\/2017\/09\/photo-1-22Exploring-Swedens-forests-can-feel-like-travelling-back-in-time-\u00a9Matt-Maynard22-1050x700.jpg 1050w, https:\/\/www.battleface.com\/blog\/wp-content\/uploads\/2017\/09\/photo-1-22Exploring-Swedens-forests-can-feel-like-travelling-back-in-time-\u00a9Matt-Maynard22-930x620.jpg 930w\" sizes=\"(max-width: 1200px) 100vw, 1200px\" \/> Exploring Sweden&#8217;s forests can feel like travelling back in time \u00a9Matt Maynard<\/p>\n<p>I\u2019ve just arrived in the V\u00e4stmanland province of central Sweden, and there\u2019s a wolf on the loose. Yesterday it walked across a children\u2019s playground. The older kids threw rocks at it, but the residents in the small town of Kolsva are concerned and fearful. By night, men stalk the woods with guns. By day, government employees strategize how to coordinate its elimination. It sounds like the plot from a gothic horror film. But the year is 2017. And this lone wolf is very real indeed.<\/p>\n<p>The Kolsva wolf has been sighted all summer long. Members of the local council have been trying to tackle the wolf unsuccessfully for months, and now refer to it jokingly as \u201cthe bastard wolf.\u201d But for many rural Swedish people, the wolf\u2019s return is no laughing matter.<\/p>\n<h4>Where are the wolves coming from?<\/h4>\n<p><img decoding=\"async\" class=\"size-full wp-image-8519\" src=\"https:\/\/www.battleface.com\/blog\/wp-content\/uploads\/2017\/09\/photo-2-22The-abundance-of-prey-has-contributed-to-the-wolves-return-\u00a9Matt-Maynard22.jpg\" alt=\"\" height=\"800\" srcset=\"https:\/\/www.battleface.com\/blog\/wp-content\/uploads\/2017\/09\/photo-2-22The-abundance-of-prey-has-contributed-to-the-wolves-return-\u00a9Matt-Maynard22.jpg 1200w, https:\/\/www.battleface.com\/blog\/wp-content\/uploads\/2017\/09\/photo-2-22The-abundance-of-prey-has-contributed-to-the-wolves-return-\u00a9Matt-Maynard22-696x464.jpg 696w, https:\/\/www.battleface.com\/blog\/wp-content\/uploads\/2017\/09\/photo-2-22The-abundance-of-prey-has-contributed-to-the-wolves-return-\u00a9Matt-Maynard22-1068x712.jpg 1068w, https:\/\/www.battleface.com\/blog\/wp-content\/uploads\/2017\/09\/photo-2-22The-abundance-of-prey-has-contributed-to-the-wolves-return-\u00a9Matt-Maynard22-630x420.jpg 630w, https:\/\/www.battleface.com\/blog\/wp-content\/uploads\/2017\/09\/photo-2-22The-abundance-of-prey-has-contributed-to-the-wolves-return-\u00a9Matt-Maynard22-300x200.jpg 300w, https:\/\/www.battleface.com\/blog\/wp-content\/uploads\/2017\/09\/photo-2-22The-abundance-of-prey-has-contributed-to-the-wolves-return-\u00a9Matt-Maynard22-768x512.jpg 768w, https:\/\/www.battleface.com\/blog\/wp-content\/uploads\/2017\/09\/photo-2-22The-abundance-of-prey-has-contributed-to-the-wolves-return-\u00a9Matt-Maynard22-1024x683.jpg 1024w, https:\/\/www.battleface.com\/blog\/wp-content\/uploads\/2017\/09\/photo-2-22The-abundance-of-prey-has-contributed-to-the-wolves-return-\u00a9Matt-Maynard22-330x220.jpg 330w, https:\/\/www.battleface.com\/blog\/wp-content\/uploads\/2017\/09\/photo-2-22The-abundance-of-prey-has-contributed-to-the-wolves-return-\u00a9Matt-Maynard22-296x197.jpg 296w, https:\/\/www.battleface.com\/blog\/wp-content\/uploads\/2017\/09\/photo-2-22The-abundance-of-prey-has-contributed-to-the-wolves-return-\u00a9Matt-Maynard22-690x460.jpg 690w, https:\/\/www.battleface.com\/blog\/wp-content\/uploads\/2017\/09\/photo-2-22The-abundance-of-prey-has-contributed-to-the-wolves-return-\u00a9Matt-Maynard22-1050x700.jpg 1050w, https:\/\/www.battleface.com\/blog\/wp-content\/uploads\/2017\/09\/photo-2-22The-abundance-of-prey-has-contributed-to-the-wolves-return-\u00a9Matt-Maynard22-930x620.jpg 930w\" sizes=\"(max-width: 1200px) 100vw, 1200px\" \/> The abundance of prey has contributed to the wolves&#8217; return \u00a9Matt Maynard<\/p>\n<p>The last wolf was killed in the UK several hundred years ago. But this March, they staged an unlikely return in Devon. Of course, wolves aren\u2019t running wild in the British Isles. Not yet at least. But a pack of Swedish wolf cubs are now being raised at the Wildwood Escot site in Devon. Advocates of <a href=\"https:\/\/www.rewildingeurope.com\/about\/\">rewilding<\/a> would like to see the wolf roam-free once more in Scotland. They argue that the renewed presence of this top predator would have trickle down effects on everything from reducing overgrazing by deer, to encouraging beaver populations, <a href=\"https:\/\/www.youtube.com\/watch?v=ysa5OBhXz-Q\">changing the course of rivers<\/a> and even potentially reducing flooding. Not bad for an animal that is everybody\u2019s favourite villain (blame practically every Disney film ever made).<\/p>\n<p>Real life wolves can now be found throughout the Pyrenees, in increasingly large pockets of Scandinavia, on either sides of the Adriatic Sea, throughout Italy as well as Croatia, Bosnia, Montenegro and Albania. They have been sighted in Germany and are reclaiming the <a href=\"https:\/\/www.economist.com\/blogs\/economist-explains\/2017\/09\/economist-explains-6\">woodlands of France<\/a>. Increases in forest cover, prey and protective EU legislation in the last few decades have helped bolster their numbers. But what does this mean for humans? And is it safe to venture out into wolf territories?<\/p>\n<h4>Should we be afraid?<\/h4>\n<p><img decoding=\"async\" class=\"size-full wp-image-8520\" src=\"https:\/\/www.battleface.com\/blog\/wp-content\/uploads\/2017\/09\/photo-3-22Tobias-Hjortstra\u030ale-says-humans-have-little-to-fear-\u00a9Matt-Maynard22.jpg\" alt=\"\" height=\"778\" srcset=\"https:\/\/www.battleface.com\/blog\/wp-content\/uploads\/2017\/09\/photo-3-22Tobias-Hjortstra\u030ale-says-humans-have-little-to-fear-\u00a9Matt-Maynard22.jpg 1200w, https:\/\/www.battleface.com\/blog\/wp-content\/uploads\/2017\/09\/photo-3-22Tobias-Hjortstra\u030ale-says-humans-have-little-to-fear-\u00a9Matt-Maynard22-696x451.jpg 696w, https:\/\/www.battleface.com\/blog\/wp-content\/uploads\/2017\/09\/photo-3-22Tobias-Hjortstra\u030ale-says-humans-have-little-to-fear-\u00a9Matt-Maynard22-1068x692.jpg 1068w, https:\/\/www.battleface.com\/blog\/wp-content\/uploads\/2017\/09\/photo-3-22Tobias-Hjortstra\u030ale-says-humans-have-little-to-fear-\u00a9Matt-Maynard22-648x420.jpg 648w, https:\/\/www.battleface.com\/blog\/wp-content\/uploads\/2017\/09\/photo-3-22Tobias-Hjortstra\u030ale-says-humans-have-little-to-fear-\u00a9Matt-Maynard22-300x195.jpg 300w, https:\/\/www.battleface.com\/blog\/wp-content\/uploads\/2017\/09\/photo-3-22Tobias-Hjortstra\u030ale-says-humans-have-little-to-fear-\u00a9Matt-Maynard22-768x498.jpg 768w, https:\/\/www.battleface.com\/blog\/wp-content\/uploads\/2017\/09\/photo-3-22Tobias-Hjortstra\u030ale-says-humans-have-little-to-fear-\u00a9Matt-Maynard22-1024x664.jpg 1024w, https:\/\/www.battleface.com\/blog\/wp-content\/uploads\/2017\/09\/photo-3-22Tobias-Hjortstra\u030ale-says-humans-have-little-to-fear-\u00a9Matt-Maynard22-330x214.jpg 330w, https:\/\/www.battleface.com\/blog\/wp-content\/uploads\/2017\/09\/photo-3-22Tobias-Hjortstra\u030ale-says-humans-have-little-to-fear-\u00a9Matt-Maynard22-690x447.jpg 690w, https:\/\/www.battleface.com\/blog\/wp-content\/uploads\/2017\/09\/photo-3-22Tobias-Hjortstra\u030ale-says-humans-have-little-to-fear-\u00a9Matt-Maynard22-1050x681.jpg 1050w, https:\/\/www.battleface.com\/blog\/wp-content\/uploads\/2017\/09\/photo-3-22Tobias-Hjortstra\u030ale-says-humans-have-little-to-fear-\u00a9Matt-Maynard22-956x620.jpg 956w\" sizes=\"(max-width: 1200px) 100vw, 1200px\" \/> Tobias Hjortstra\u030ale says humans have little to fear \u00a9Matt Maynard<\/p>\n<p>\u201cThey are professional killers,\u201d Tobias Hjortstr\u00e5le tells me plainly. In the warm office of the Wildlife Officer and Game Warden in V\u00e4ster\u00e5s, it is hard to imagine these wild animals roam the woods outside. But the threat to domestic animals and livestock is very real indeed. When pressed about if a pack of wolves could overpower humans, Tobias replies \u201cyes, they absolutely could take us down.\u201d<\/p>\n<p>As a case in point he tells the grim story of \u201cthe wolf of Gysinge.\u201d In 1820 a man-eating wolf in Sweden killed nine children and young adults, injuring 15 more. \u00a0The wolf of Gysinge was raised from a cub by a rural family. In the early 1800s, a wolf\u2019s fur was equivalent to an agricultural worker\u2019s monthly wage and the family\u2019s plan was to fatten it up for slaughter. But these were austerity years in Sweden and, unable to feed the animal, they reluctantly let it loose. The gruesome reality of what happened next lived long in Swedish memory.<\/p>\n<p>And yet \u201cwolves don\u2019t see human as prey,\u201d Tobias explains. Not wild wolves at least. \u201cI would be afraid of a loose dog,\u201d he adds, \u201cbecause I can\u2019t be sure how it\u2019s been raised.\u201d Problems with wolves, as with the wolf of Gysinge, arise when they are treated unnaturally.<\/p>\n<h4>Wild camping in wolf country<\/h4>\n<p><img decoding=\"async\" class=\"size-full wp-image-8521\" src=\"https:\/\/www.battleface.com\/blog\/wp-content\/uploads\/2017\/09\/photo-4-22The-author-hikes-a-typically-stunning-section-of-the-Bruksleden-Trail-\u00a9Matt-Maynard22.jpg\" alt=\"\" height=\"782\" srcset=\"https:\/\/www.battleface.com\/blog\/wp-content\/uploads\/2017\/09\/photo-4-22The-author-hikes-a-typically-stunning-section-of-the-Bruksleden-Trail-\u00a9Matt-Maynard22.jpg 1200w, https:\/\/www.battleface.com\/blog\/wp-content\/uploads\/2017\/09\/photo-4-22The-author-hikes-a-typically-stunning-section-of-the-Bruksleden-Trail-\u00a9Matt-Maynard22-696x454.jpg 696w, https:\/\/www.battleface.com\/blog\/wp-content\/uploads\/2017\/09\/photo-4-22The-author-hikes-a-typically-stunning-section-of-the-Bruksleden-Trail-\u00a9Matt-Maynard22-1068x696.jpg 1068w, https:\/\/www.battleface.com\/blog\/wp-content\/uploads\/2017\/09\/photo-4-22The-author-hikes-a-typically-stunning-section-of-the-Bruksleden-Trail-\u00a9Matt-Maynard22-645x420.jpg 645w, https:\/\/www.battleface.com\/blog\/wp-content\/uploads\/2017\/09\/photo-4-22The-author-hikes-a-typically-stunning-section-of-the-Bruksleden-Trail-\u00a9Matt-Maynard22-300x196.jpg 300w, https:\/\/www.battleface.com\/blog\/wp-content\/uploads\/2017\/09\/photo-4-22The-author-hikes-a-typically-stunning-section-of-the-Bruksleden-Trail-\u00a9Matt-Maynard22-768x500.jpg 768w, https:\/\/www.battleface.com\/blog\/wp-content\/uploads\/2017\/09\/photo-4-22The-author-hikes-a-typically-stunning-section-of-the-Bruksleden-Trail-\u00a9Matt-Maynard22-1024x667.jpg 1024w, https:\/\/www.battleface.com\/blog\/wp-content\/uploads\/2017\/09\/photo-4-22The-author-hikes-a-typically-stunning-section-of-the-Bruksleden-Trail-\u00a9Matt-Maynard22-330x215.jpg 330w, https:\/\/www.battleface.com\/blog\/wp-content\/uploads\/2017\/09\/photo-4-22The-author-hikes-a-typically-stunning-section-of-the-Bruksleden-Trail-\u00a9Matt-Maynard22-690x450.jpg 690w, https:\/\/www.battleface.com\/blog\/wp-content\/uploads\/2017\/09\/photo-4-22The-author-hikes-a-typically-stunning-section-of-the-Bruksleden-Trail-\u00a9Matt-Maynard22-1050x684.jpg 1050w, https:\/\/www.battleface.com\/blog\/wp-content\/uploads\/2017\/09\/photo-4-22The-author-hikes-a-typically-stunning-section-of-the-Bruksleden-Trail-\u00a9Matt-Maynard22-951x620.jpg 951w\" sizes=\"(max-width: 1200px) 100vw, 1200px\" \/> The author hikes a typically stunning section of the Bruksleden Trail \u00a9Matt Maynard<\/p>\n<p>Over the next few days I hike with my companion into the remote territory of the F\u00e5rna wolf pack. I follow the rugged Bruksleden trail, carpeted by a spongy reindeer moss underfoot, and shadowed by stands of Scots Pine forest overhead. At dusk I wade through a swamp just outside Bockhammar before pitching camp in a remote clearing. Silence pours out of the deep woods, and a near full moon climbs into the sky. A wolf howl tonight is far more likely than the sound of any motor vehicle.<\/p>\n<p><img decoding=\"async\" class=\"size-full wp-image-8522\" src=\"https:\/\/www.battleface.com\/blog\/wp-content\/uploads\/2017\/09\/photo-4a-2270-of-Sweden-is-forest-and-the-people-are-accustomed-to-spending-time-outdoors-\u00a9Matt-Maynard22.jpg\" alt=\"\" height=\"796\" srcset=\"https:\/\/www.battleface.com\/blog\/wp-content\/uploads\/2017\/09\/photo-4a-2270-of-Sweden-is-forest-and-the-people-are-accustomed-to-spending-time-outdoors-\u00a9Matt-Maynard22.jpg 1200w, https:\/\/www.battleface.com\/blog\/wp-content\/uploads\/2017\/09\/photo-4a-2270-of-Sweden-is-forest-and-the-people-are-accustomed-to-spending-time-outdoors-\u00a9Matt-Maynard22-696x462.jpg 696w, https:\/\/www.battleface.com\/blog\/wp-content\/uploads\/2017\/09\/photo-4a-2270-of-Sweden-is-forest-and-the-people-are-accustomed-to-spending-time-outdoors-\u00a9Matt-Maynard22-1068x708.jpg 1068w, https:\/\/www.battleface.com\/blog\/wp-content\/uploads\/2017\/09\/photo-4a-2270-of-Sweden-is-forest-and-the-people-are-accustomed-to-spending-time-outdoors-\u00a9Matt-Maynard22-633x420.jpg 633w, https:\/\/www.battleface.com\/blog\/wp-content\/uploads\/2017\/09\/photo-4a-2270-of-Sweden-is-forest-and-the-people-are-accustomed-to-spending-time-outdoors-\u00a9Matt-Maynard22-300x199.jpg 300w, https:\/\/www.battleface.com\/blog\/wp-content\/uploads\/2017\/09\/photo-4a-2270-of-Sweden-is-forest-and-the-people-are-accustomed-to-spending-time-outdoors-\u00a9Matt-Maynard22-768x509.jpg 768w, https:\/\/www.battleface.com\/blog\/wp-content\/uploads\/2017\/09\/photo-4a-2270-of-Sweden-is-forest-and-the-people-are-accustomed-to-spending-time-outdoors-\u00a9Matt-Maynard22-1024x679.jpg 1024w, https:\/\/www.battleface.com\/blog\/wp-content\/uploads\/2017\/09\/photo-4a-2270-of-Sweden-is-forest-and-the-people-are-accustomed-to-spending-time-outdoors-\u00a9Matt-Maynard22-330x219.jpg 330w, https:\/\/www.battleface.com\/blog\/wp-content\/uploads\/2017\/09\/photo-4a-2270-of-Sweden-is-forest-and-the-people-are-accustomed-to-spending-time-outdoors-\u00a9Matt-Maynard22-296x197.jpg 296w, https:\/\/www.battleface.com\/blog\/wp-content\/uploads\/2017\/09\/photo-4a-2270-of-Sweden-is-forest-and-the-people-are-accustomed-to-spending-time-outdoors-\u00a9Matt-Maynard22-690x458.jpg 690w, https:\/\/www.battleface.com\/blog\/wp-content\/uploads\/2017\/09\/photo-4a-2270-of-Sweden-is-forest-and-the-people-are-accustomed-to-spending-time-outdoors-\u00a9Matt-Maynard22-1050x697.jpg 1050w, https:\/\/www.battleface.com\/blog\/wp-content\/uploads\/2017\/09\/photo-4a-2270-of-Sweden-is-forest-and-the-people-are-accustomed-to-spending-time-outdoors-\u00a9Matt-Maynard22-935x620.jpg 935w\" sizes=\"(max-width: 1200px) 100vw, 1200px\" \/> 70% of Sweden is forest and the people are accustomed to spending time outdoors \u00a9Matt Maynard<\/p>\n<p>Around the fire we reflect on Tobias\u2019 words about the relative safety of camping amongst wolves compared to encountering an unknown domestic dog. Here in V\u00e4stmanland the wolf\u2019s return is still a relatively new, startling and intimidating proposition for many rural people. Farmers especially are concerned for their sheep. Tobias estimates that 10-15 years is the necessary time for communities to readjust to the new predator in their midst. Reintroducing the wolf in the UK is likely to create even more conflict due to our historic open hill farming, compared to Sweden\u2019s enclosed system with electrified fences.<\/p>\n<p>Regardless of the future of the wolf in the UK, it feels good to be sitting around a crackling fire knowing the king of the canines is out there somewhere in the Swedish darkness. We fall asleep reluctantly that night. Not due to any concerns for our safety. But because we are waiting for the call of the wild.<\/p>\n<p><img decoding=\"async\" class=\"size-full wp-image-8523\" src=\"https:\/\/www.battleface.com\/blog\/wp-content\/uploads\/2017\/09\/photo-5-22You-dont-need-to-see-wolves-whilst-camping-in-the-woods-to-feel-excited-about-their-return-\u00a9Matt-Maynard22.jpg\" alt=\"\" height=\"765\" srcset=\"https:\/\/www.battleface.com\/blog\/wp-content\/uploads\/2017\/09\/photo-5-22You-dont-need-to-see-wolves-whilst-camping-in-the-woods-to-feel-excited-about-their-return-\u00a9Matt-Maynard22.jpg 1200w, https:\/\/www.battleface.com\/blog\/wp-content\/uploads\/2017\/09\/photo-5-22You-dont-need-to-see-wolves-whilst-camping-in-the-woods-to-feel-excited-about-their-return-\u00a9Matt-Maynard22-696x444.jpg 696w, https:\/\/www.battleface.com\/blog\/wp-content\/uploads\/2017\/09\/photo-5-22You-dont-need-to-see-wolves-whilst-camping-in-the-woods-to-feel-excited-about-their-return-\u00a9Matt-Maynard22-1068x681.jpg 1068w, https:\/\/www.battleface.com\/blog\/wp-content\/uploads\/2017\/09\/photo-5-22You-dont-need-to-see-wolves-whilst-camping-in-the-woods-to-feel-excited-about-their-return-\u00a9Matt-Maynard22-659x420.jpg 659w, https:\/\/www.battleface.com\/blog\/wp-content\/uploads\/2017\/09\/photo-5-22You-dont-need-to-see-wolves-whilst-camping-in-the-woods-to-feel-excited-about-their-return-\u00a9Matt-Maynard22-300x191.jpg 300w, https:\/\/www.battleface.com\/blog\/wp-content\/uploads\/2017\/09\/photo-5-22You-dont-need-to-see-wolves-whilst-camping-in-the-woods-to-feel-excited-about-their-return-\u00a9Matt-Maynard22-768x490.jpg 768w, https:\/\/www.battleface.com\/blog\/wp-content\/uploads\/2017\/09\/photo-5-22You-dont-need-to-see-wolves-whilst-camping-in-the-woods-to-feel-excited-about-their-return-\u00a9Matt-Maynard22-1024x653.jpg 1024w, https:\/\/www.battleface.com\/blog\/wp-content\/uploads\/2017\/09\/photo-5-22You-dont-need-to-see-wolves-whilst-camping-in-the-woods-to-feel-excited-about-their-return-\u00a9Matt-Maynard22-330x210.jpg 330w, https:\/\/www.battleface.com\/blog\/wp-content\/uploads\/2017\/09\/photo-5-22You-dont-need-to-see-wolves-whilst-camping-in-the-woods-to-feel-excited-about-their-return-\u00a9Matt-Maynard22-690x440.jpg 690w, https:\/\/www.battleface.com\/blog\/wp-content\/uploads\/2017\/09\/photo-5-22You-dont-need-to-see-wolves-whilst-camping-in-the-woods-to-feel-excited-about-their-return-\u00a9Matt-Maynard22-1050x669.jpg 1050w, https:\/\/www.battleface.com\/blog\/wp-content\/uploads\/2017\/09\/photo-5-22You-dont-need-to-see-wolves-whilst-camping-in-the-woods-to-feel-excited-about-their-return-\u00a9Matt-Maynard22-973x620.jpg 973w\" sizes=\"(max-width: 1200px) 100vw, 1200px\" \/> You don&#8217;t need to see wolves whilst camping in the woods to feel excited about their return \u00a9Matt Maynard<\/p>\n<p>Bite-Size Wolf Facts<\/p>\n<ul>\n<li>4 is average wolf pack size<\/li>\n<li>50kg is average male wolf size, 40kg for females<\/li>\n<li>230-300sqmiles is the average wolf pack territory<\/li>\n<li>1-2mins is the average time spent chasing prey<\/li>\n<li>20km per day walked on average per day when scent marking territory<\/li>\n<li>Wolves are often confused with dogs<\/li>\n<li>European grey wolf pups are born black<\/li>\n<li>Adults have white colouring around the muzzle and a white tipped tail<\/li>\n<\/ul>\n<p>&nbsp;<\/p>\n<p><em>This trip was supported by <a href=\"https:\/\/twitter.com\/visitswedenuk?lang=en\">VisitSwedenUK<\/a>, #Vastmanaland, <a href=\"http:\/\/www.pensionatudden.se\/uk\/pensionatudden.html\">Pensionat Udden Bed &amp; Breakfast<\/a><u>,<\/u> <a href=\"https:\/\/www.wildsweden.com\/\">Wild Sweden<\/a>, <a href=\"http:\/\/kolarbyn.se\/en\/\">Kolarbyn Eco Lodge<\/a>, <a href=\"https:\/\/www.tripadvisor.co.nz\/Hotel_Review-g3679730-d4502082-Reviews-Ulvsbomuren_Vildmark_Lantliv-Ramnaes_Vastmanland_County.html\">Ulvsbromuren Wildlife Safari and Eco Lodge<\/a>, <a href=\"http:\/\/edensgarden.se\/en\/\">Eden\u2019s Garden Bed and Breakfast<\/a> and the incredible organisation of \u00c5sa Stanaway<\/em><\/p>\n","protected":false},"excerpt":{"rendered":"<p>Wolves are back in Europe&#8217;s forests. Matt Maynard travelled to Sweden to learn how Scandinavian communities are adjusting to this predator. He explains their habits, dispels some myths and waxes lyrical about sharing wild spaces once more with the king of the canines. Early morning scoping for animal signs \u00a9Matt Maynard Wolf at the door [&hellip;]<\/p>\n","protected":false},"author":30,"featured_media":8525,"comment_status":"closed","ping_status":"closed","sticky":false,"template":"","format":"standard","meta":{"om_disable_all_campaigns":false,"_monsterinsights_skip_tracking":false,"_monsterinsights_sitenote_active":false,"_monsterinsights_sitenote_note":"","_monsterinsights_sitenote_category":0,"footnotes":""},"categories":[186],"tags":[],"class_list":["post-8516","post","type-post","status-publish","format-standard","has-post-thumbnail","hentry","category-storyteller-spotlights"],"aioseo_notices":[],"_links":{"self":[{"href":"https:\/\/www.battleface.com\/blog\/wp-json\/wp\/v2\/posts\/8516","targetHints":{"allow":["GET"]}}],"collection":[{"href":"https:\/\/www.battleface.com\/blog\/wp-json\/wp\/v2\/posts"}],"about":[{"href":"https:\/\/www.battleface.com\/blog\/wp-json\/wp\/v2\/types\/post"}],"author":[{"embeddable":true,"href":"https:\/\/www.battleface.com\/blog\/wp-json\/wp\/v2\/users\/30"}],"replies":[{"embeddable":true,"href":"https:\/\/www.battleface.com\/blog\/wp-json\/wp\/v2\/comments?post=8516"}],"version-history":[{"count":6,"href":"https:\/\/www.battleface.com\/blog\/wp-json\/wp\/v2\/posts\/8516\/revisions"}],"predecessor-version":[{"id":9548,"href":"https:\/\/www.battleface.com\/blog\/wp-json\/wp\/v2\/posts\/8516\/revisions\/9548"}],"wp:featuredmedia":[{"embeddable":true,"href":"https:\/\/www.battleface.com\/blog\/wp-json\/wp\/v2\/media\/8525"}],"wp:attachment":[{"href":"https:\/\/www.battleface.com\/blog\/wp-json\/wp\/v2\/media?parent=8516"}],"wp:term":[{"taxonomy":"category","embeddable":true,"href":"https:\/\/www.battleface.com\/blog\/wp-json\/wp\/v2\/categories?post=8516"},{"taxonomy":"post_tag","embeddable":true,"href":"https:\/\/www.battleface.com\/blog\/wp-json\/wp\/v2\/tags?post=8516"}],"curies":[{"name":"wp","href":"https:\/\/api.w.org\/{rel}","templated":true}]}}